{"id":1197,"date":"2010-06-11T17:27:21","date_gmt":"2010-06-11T16:27:21","guid":{"rendered":"http:\/\/www.microgamma.es\/blog\/?p=1197"},"modified":"2010-06-11T17:27:46","modified_gmt":"2010-06-11T16:27:46","slug":"maleta-para-macbook","status":"publish","type":"post","link":"https:\/\/www.monitor-para-fotografia.com\/index.php\/2010\/06\/maleta-para-macbook\/","title":{"rendered":"Maleta para MacBook"},"content":{"rendered":"<p><a href=\"http:\/\/www.maletaspeli.com\/producte.php?idProducte=24013&amp;tipus=104\"><img loading=\"lazy\" decoding=\"async\" class=\"alignnone\" title=\"maleta peli mac\" src=\"http:\/\/www.maletaspeli.com\/images\/2007\/1495cc2.jpg\" alt=\"\" width=\"300\" height=\"300\" \/><\/a><\/p>\n<p><strong>Maleta PELI 1495CC2 Standard para Notebook<\/strong><\/p>\n<p>Resistente, estanca al agua y al polvo, a sustancias qu\u00edmicas y a la  corrosi\u00f3n.<br \/>\nCon casi 16 L de capacidad de almacenamiento utilizable, adem\u00e1s de  proteger port\u00e1tiles de hasta 17 pulgadas, la 1495 permite transportar  todo tipo de accesorios, como cables de alimentaci\u00f3n, unidades de  almacenamiento digitales y otros equipos electr\u00f3nicos gracias a su  organizador.<br \/>\nLa maleta 1495 lleva incorporado un candado con combinaci\u00f3n programable y  refuerzo para candados en acero inoxidable para evitar cualquier robo.<\/p>\n<p>Incluye:<\/p>\n<ul>\n<li>Espuma precortada de Peli de alta densidad<\/li>\n<li>Organizador y una correa bal\u00edstica de nailon<\/li>\n<li>C\u00f3moda asa ergon\u00f3mica de goma<\/li>\n<li>Cierres de doble acci\u00f3n de f\u00e1cil apertura<\/li>\n<li>V\u00e1lvula de compensaci\u00f3n autom\u00e1tica de la presi\u00f3n<\/li>\n<li>Piezas met\u00e1licas y candados con refuerzos de acero inoxidable<\/li>\n<li>Garant\u00eda incondicional.<\/li>\n<\/ul>\n<p><a href=\"http:\/\/www.maletaspeli.com\/producte.php?idProducte=24013&amp;tipus=104\">http:\/\/www.maletaspeli.com\/producte.php?idProducte=24013&amp;tipus=104<\/a><\/p>\n","protected":false},"excerpt":{"rendered":"<p>Maleta PELI 1495CC2 Standard para Notebook Resistente, estanca al agua y al polvo, a sustancias qu\u00edmicas y a la corrosi\u00f3n. Con casi 16 L de capacidad de almacenamiento utilizable, adem\u00e1s de proteger port\u00e1tiles de hasta 17 pulgadas, la 1495 permite transportar todo tipo de accesorios, como cables de alimentaci\u00f3n, unidades de almacenamiento digitales y otros [&hellip;]<\/p>\n","protected":false},"author":32,"featured_media":0,"comment_status":"open","ping_status":"open","sticky":false,"template":"","format":"standard","meta":{"om_disable_all_campaigns":false,"site-container-style":"default","site-container-layout":"default","site-sidebar-layout":"default","disable-article-header":"default","disable-site-header":"default","disable-site-footer":"default","disable-content-area-spacing":"default","footnotes":""},"categories":[1],"tags":[68,290],"class_list":["post-1197","post","type-post","status-publish","format-standard","hentry","category-general","tag-maletas-especiales-peli","tag-maletas-pelican"],"aioseo_notices":[],"_links":{"self":[{"href":"https:\/\/www.monitor-para-fotografia.com\/index.php\/wp-json\/wp\/v2\/posts\/1197","targetHints":{"allow":["GET"]}}],"collection":[{"href":"https:\/\/www.monitor-para-fotografia.com\/index.php\/wp-json\/wp\/v2\/posts"}],"about":[{"href":"https:\/\/www.monitor-para-fotografia.com\/index.php\/wp-json\/wp\/v2\/types\/post"}],"author":[{"embeddable":true,"href":"https:\/\/www.monitor-para-fotografia.com\/index.php\/wp-json\/wp\/v2\/users\/32"}],"replies":[{"embeddable":true,"href":"https:\/\/www.monitor-para-fotografia.com\/index.php\/wp-json\/wp\/v2\/comments?post=1197"}],"version-history":[{"count":0,"href":"https:\/\/www.monitor-para-fotografia.com\/index.php\/wp-json\/wp\/v2\/posts\/1197\/revisions"}],"wp:attachment":[{"href":"https:\/\/www.monitor-para-fotografia.com\/index.php\/wp-json\/wp\/v2\/media?parent=1197"}],"wp:term":[{"taxonomy":"category","embeddable":true,"href":"https:\/\/www.monitor-para-fotografia.com\/index.php\/wp-json\/wp\/v2\/categories?post=1197"},{"taxonomy":"post_tag","embeddable":true,"href":"https:\/\/www.monitor-para-fotografia.com\/index.php\/wp-json\/wp\/v2\/tags?post=1197"}],"curies":[{"name":"wp","href":"https:\/\/api.w.org\/{rel}","templated":true}]}}