{"id":15415,"date":"2020-12-23T12:04:54","date_gmt":"2020-12-23T10:04:54","guid":{"rendered":"https:\/\/www.monitor-para-fotografia.com\/?p=15415"},"modified":"2021-01-15T16:44:10","modified_gmt":"2021-01-15T14:44:10","slug":"4a-edicion-del-libro-calibracion-y-perfilacion-de-monitores","status":"publish","type":"post","link":"https:\/\/www.monitor-para-fotografia.com\/index.php\/2020\/12\/4a-edicion-del-libro-calibracion-y-perfilacion-de-monitores\/","title":{"rendered":"4a edici\u00f3n del libro calibraci\u00f3n y perfilaci\u00f3n de monitores"},"content":{"rendered":"<p><img decoding=\"async\" src=\"https:\/\/www.microgamma.com\/calibracion_perfilacion_monitores\/2404\/2021.jpg\" \/><\/p>\n<p>Ya tenemos disponible la 4a edici\u00f3n del Libro Calibraci\u00f3n y perfilaci\u00f3n de monitores. Ha sido una revisi\u00f3n que hemos realizado estos \u00faltimos meses b\u00e1sicamente debido a las actualizaciones del software. El libro final llega a las 184 paginas despu\u00e9s de eliminar algunas y a\u00f1adir otras que nos han parecido fundamentales.<\/p>\n<p><img loading=\"lazy\" decoding=\"async\" width=\"1200\" height=\"800\" class=\"aligncenter size-full wp-image-15416\" src=\"https:\/\/www.monitor-para-fotografia.com\/wp-content\/uploads\/MG_0109-1200.jpg\" alt=\"\" srcset=\"https:\/\/www.monitor-para-fotografia.com\/wp-content\/uploads\/MG_0109-1200.jpg 1200w, https:\/\/www.monitor-para-fotografia.com\/wp-content\/uploads\/MG_0109-1200-300x200.jpg 300w, https:\/\/www.monitor-para-fotografia.com\/wp-content\/uploads\/MG_0109-1200-1024x683.jpg 1024w, https:\/\/www.monitor-para-fotografia.com\/wp-content\/uploads\/MG_0109-1200-768x512.jpg 768w, https:\/\/www.monitor-para-fotografia.com\/wp-content\/uploads\/MG_0109-1200-260x173.jpg 260w\" sizes=\"auto, (max-width: 1200px) 100vw, 1200px\" \/><\/p>\n<p>Cambios de esta edici\u00f3n:<\/p>\n<p>Hemos actualizados la gesti\u00f3n de color en los navegadores.<\/p>\n<p>i1 Display pro las revisiones que han introducido en el software<\/p>\n<p>Colornavigator 7 el software para la serie ColorEdge de Eizo, esta versi\u00f3n solo es compatible con los monitores de los \u00faltimos cinco a\u00f1os para atras<\/p>\n<p><strong>Basiccolor 6<\/strong> el nuevo programa de calibraci\u00f3n que se va a lanzar en breve.<\/p>\n<p>i1 Studio, el instrumento que remplaza al Colormunki Photo<\/p>\n","protected":false},"excerpt":{"rendered":"<p>Ya tenemos disponible la 4a edici\u00f3n del Libro Calibraci\u00f3n y perfilaci\u00f3n de monitores. Ha sido una revisi\u00f3n que hemos realizado estos \u00faltimos meses b\u00e1sicamente debido a las actualizaciones del software. El libro final llega a las 184 paginas despu\u00e9s de eliminar algunas y a\u00f1adir otras que nos han parecido fundamentales. Cambios de esta edici\u00f3n: Hemos [&hellip;]<\/p>\n","protected":false},"author":1,"featured_media":15416,"comment_status":"open","ping_status":"open","sticky":false,"template":"","format":"standard","meta":{"om_disable_all_campaigns":false,"site-container-style":"default","site-container-layout":"default","site-sidebar-layout":"default","disable-article-header":"default","disable-site-header":"default","disable-site-footer":"default","disable-content-area-spacing":"default","footnotes":""},"categories":[1],"tags":[],"class_list":["post-15415","post","type-post","status-publish","format-standard","has-post-thumbnail","hentry","category-general"],"aioseo_notices":[],"_links":{"self":[{"href":"https:\/\/www.monitor-para-fotografia.com\/index.php\/wp-json\/wp\/v2\/posts\/15415","targetHints":{"allow":["GET"]}}],"collection":[{"href":"https:\/\/www.monitor-para-fotografia.com\/index.php\/wp-json\/wp\/v2\/posts"}],"about":[{"href":"https:\/\/www.monitor-para-fotografia.com\/index.php\/wp-json\/wp\/v2\/types\/post"}],"author":[{"embeddable":true,"href":"https:\/\/www.monitor-para-fotografia.com\/index.php\/wp-json\/wp\/v2\/users\/1"}],"replies":[{"embeddable":true,"href":"https:\/\/www.monitor-para-fotografia.com\/index.php\/wp-json\/wp\/v2\/comments?post=15415"}],"version-history":[{"count":0,"href":"https:\/\/www.monitor-para-fotografia.com\/index.php\/wp-json\/wp\/v2\/posts\/15415\/revisions"}],"wp:featuredmedia":[{"embeddable":true,"href":"https:\/\/www.monitor-para-fotografia.com\/index.php\/wp-json\/wp\/v2\/media\/15416"}],"wp:attachment":[{"href":"https:\/\/www.monitor-para-fotografia.com\/index.php\/wp-json\/wp\/v2\/media?parent=15415"}],"wp:term":[{"taxonomy":"category","embeddable":true,"href":"https:\/\/www.monitor-para-fotografia.com\/index.php\/wp-json\/wp\/v2\/categories?post=15415"},{"taxonomy":"post_tag","embeddable":true,"href":"https:\/\/www.monitor-para-fotografia.com\/index.php\/wp-json\/wp\/v2\/tags?post=15415"}],"curies":[{"name":"wp","href":"https:\/\/api.w.org\/{rel}","templated":true}]}}