{"id":15460,"date":"2021-02-02T13:31:12","date_gmt":"2021-02-02T11:31:12","guid":{"rendered":"https:\/\/www.monitor-para-fotografia.com\/?p=15460"},"modified":"2021-04-19T10:12:48","modified_gmt":"2021-04-19T08:12:48","slug":"big-sur-os-11-y-apple-m1-con-los-calibradores-de-x-rite","status":"publish","type":"post","link":"https:\/\/www.monitor-para-fotografia.com\/index.php\/2021\/02\/big-sur-os-11-y-apple-m1-con-los-calibradores-de-x-rite\/","title":{"rendered":"Compatibilidad programas de calibraci\u00f3n y Apple M1"},"content":{"rendered":"<p>Con el lanzamiento de\u00a0 los nuevos equipos de Apple con el chip M1 han surgido problemas de compatibilidad con los distintos programas de calibraci\u00f3n m\u00e1s habituales, y si bien los distintos fabricantes est\u00e1n trabajando con sus desarrolladores para lanzar versiones actualizadas de los distintos programas que solucionen estos problemas de compatibilidad, por el momento la situaci\u00f3n es la siguiente:<\/p>\n<p><strong>X-Rite:<\/strong><\/p>\n<p><strong>Compatibilidad con Mac OS Big Sur 11.x y procesador Apple M1<\/strong><\/p>\n<p>Las siguientes aplicaciones de software en su versi\u00f3n actual han sido probadas y son compatibles con Mac OS Big Sur 11.x:<\/p>\n<p><del>i1Profiler 3.3.0<\/del>\u00a0 <strong>Actualizaci\u00f3n: <\/strong><strong>Disponible versi\u00f3n 3.4.0, compatible con M1 (<a href=\"https:\/\/xritephoto.com\/ph_product_overview.aspx?ID=1454&amp;Action=Support&amp;SoftwareID=2275\">link)<\/a><\/strong><br \/>\ni1Studio 1.5.1<br \/>\nColorChecker Camera Calibration 2.2.0<br \/>\nDNG ProfileManager 1.0.4<\/p>\n<p>NOTA: En el momento de publicar estas l\u00edneas (15\/12\/2020) ninguna de nuestras aplicaciones de software de X-Rite funcionan con los nuevos Silicon Macs (con el chipset Apple M1) que incidentalmente tienen tambi\u00e9n instalado Big Sur. Las aplicaciones i1Profiler y i1Studio no detectan la pantalla, y CCCC 2.2.0 no se abre en los equipos Silicon Macs. El equipo de desarrollo de software est\u00e1 comprometido a solucionar el problema durante el <strong>primer cuatrimestre de 2021<\/strong>.<\/p>\n<p><strong>Fuente: <a href=\"https:\/\/xritephoto.com\/ph_product_overview.aspx?ID=1454&amp;Action=Support&amp;SupportID=5938\">https:\/\/xritephoto.com\/ph_product_overview.aspx?ID=1454&amp;Action=Support&amp;SupportID=5938<\/a><\/strong><\/p>\n<p><strong>EIZO:<\/strong><\/p>\n<p><strong>Compatibilidad entre monitores EIZO y ordenadores Mac con el procesador M1 de Apple<\/strong><\/p>\n<p>1. Limitaciones de pantalla<\/p>\n<p>Hemos detectado limitaciones de pantalla al usar ordenadores Mac con el procesador M1 de Apple, lanzado en Noviembre de 2020. Las limitaciones listadas en el apartado (2) y posteriores podr\u00edan ser resueltas con actualizaciones de sistema. Recomendamos mantener el sistema operativo macOS actualizado.<\/p>\n<table>\n<tbody>\n<tr>\n<td>Mac<\/td>\n<td>Ordenadores Mac con el procesador M1 de Apple<\/td>\n<\/tr>\n<tr>\n<td>OS<\/td>\n<td>macOS Big Sur (11.2)<\/td>\n<\/tr>\n<tr>\n<td>Monitores afectados<\/td>\n<td>Todos los monitores, incluyendo los monitores EIZO<\/td>\n<\/tr>\n<\/tbody>\n<\/table>\n<p>(1) n\u00famero de monitores soportados<br \/>\nEl Mac solamente soporta una pantalla externa a trav\u00e9s del puerto Thunderbolt 3. Al conectar una segunda pantalla a un puerto Thunderbolt 3 distinto solamente se mostrar\u00e1 imagen en un monitor.<\/p>\n<p><img loading=\"lazy\" decoding=\"async\" class=\"alignnone size-full\" src=\"https:\/\/www.eizoglobal.com\/support\/compatibility\/pc\/mac\/apple-m1\/img_01_en.jpg\" alt=\"Falta de imagen en segundo monitor externo - Apple M1\" width=\"1440\" height=\"400\" \/><\/p>\n<p>(2) Formato de color<\/p>\n<p>La se\u00f1al del equipo Mac cambia a rango limitado YUV, lo cual puede causar banding. Esto ocurre cuando se usa la conexi\u00f3n HDMI en un equipo Mac con chipset Intel, o al usar un cable conversor HDMI, USB tipo-C o DisplayPort en un equipo Mac con un procesador M1.<\/p>\n<table style=\"margin-left: 30px; width: 720px;\" border=\"0\" cellspacing=\"0\" cellpadding=\"0\">\n<tbody>\n<tr>\n<td style=\"text-align: center;\"><strong>Mac con Chip M1<\/strong><\/td>\n<td style=\"text-align: center;\"><strong>Mac con Chip Intel<\/strong><\/td>\n<\/tr>\n<tr>\n<td style=\"text-align: center;\"><img decoding=\"async\" style=\"height: 228px; width: 350px;\" src=\"\/\/www.eizoglobal.com\/support\/compatibility\/pc\/mac\/apple-m1\/img_m1_01.jpg\" alt=\"Mac Computer with M1 Chip\" \/><\/td>\n<td style=\"text-align: center;\"><img decoding=\"async\" style=\"height: 228px; width: 350px;\" src=\"\/\/www.eizoglobal.com\/support\/compatibility\/pc\/mac\/apple-m1\/img_intel_01.jpg\" alt=\"Mac Computer with Intel Chip\" \/><\/td>\n<\/tr>\n<tr>\n<td style=\"text-align: center;\" colspan=\"2\">Visualizaci\u00f3n de degradado<\/td>\n<\/tr>\n<\/tbody>\n<\/table>\n<p>Este problema puede solventarse modificando los ajustes de formato de se\u00f1al en algunos monitores ColorEdge tal y como se describe a continuaci\u00f3n.<\/p>\n<table>\n<tbody>\n<tr>\n<td>USB tipo-C o DisplayPort<\/td>\n<td>Elija la opci\u00f3n sin la descripci\u00f3n \u00abYUV\u00bb<\/td>\n<\/tr>\n<tr>\n<td>HDMI<\/td>\n<td>Elija la opci\u00f3n sin la descripci\u00f3n \u00abYUV\u00bb<br \/>\nCambie el valor de \u00abVideo\u00bb a \u00abPC\u00bb<\/td>\n<\/tr>\n<\/tbody>\n<\/table>\n<p>(3) Perfil de color<br \/>\nEl perfil de color creado autom\u00e1ticamente por macOS puede ser inconsistente con las caracter\u00edsticas del monitor conectado (por ejemplo gamut de color, gamma). Al igual que el problema con el formato de color (1.2), este problema puede resolverse en algunos monitores ColorEdge tal y como se describe a continuaci\u00f3n.<\/p>\n<table style=\"margin-left: 30px; width: 720px;\" border=\"0\" cellspacing=\"0\" cellpadding=\"0\">\n<tbody>\n<tr>\n<td style=\"text-align: center;\"><strong>Mac con Chip M1<\/strong><\/td>\n<td style=\"text-align: center;\"><strong>Mac con Chip Intel<\/strong><\/td>\n<\/tr>\n<tr>\n<td style=\"text-align: center;\"><img decoding=\"async\" style=\"height: 228px; width: 350px;\" src=\"\/\/www.eizoglobal.com\/support\/compatibility\/pc\/mac\/apple-m1\/img_m1_02.jpg\" alt=\"Mac Computer with M1 Chip\" \/><\/td>\n<td style=\"text-align: center;\"><img decoding=\"async\" style=\"height: 228px; width: 350px;\" src=\"\/\/www.eizoglobal.com\/support\/compatibility\/pc\/mac\/apple-m1\/img_intel_02.jpg\" alt=\"Mac Computer with Intel Chip\" \/><\/td>\n<\/tr>\n<tr>\n<td style=\"text-align: center;\" colspan=\"2\">Imagen Adobe RGB\u00a0 en monitor de gamut amplio<\/td>\n<\/tr>\n<\/tbody>\n<\/table>\n<p>&nbsp;<\/p>\n<table>\n<tbody>\n<tr>\n<td>USB tipo-C o DisplayPort<\/td>\n<td>Elija la opci\u00f3n sin la descripci\u00f3n \u00abYUV\u00bb<\/td>\n<\/tr>\n<tr>\n<td>HDMI<\/td>\n<td>Elija la opci\u00f3n sin la descripci\u00f3n \u00abYUV\u00bb<br \/>\nCambie el valor de \u00abVideo\u00bb a \u00abPC\u00bb<\/td>\n<\/tr>\n<\/tbody>\n<\/table>\n<p>(4) Visualizaci\u00f3n en formato retrato<\/p>\n<p>La resoluci\u00f3n de la pantalla se ve reducida cuando se selecciona una rotaci\u00f3n de 90 o 270 grados en el men\u00fa de pantalla de macOS. Habilitar la resoluci\u00f3n escalada en el men\u00fa Pantalla no lista la resoluci\u00f3n correcta en el men\u00fa Pantalla. La opci\u00f3n de resoluci\u00f3n correcta ser\u00e1 listada cuando mantengamos pulsada la tecla \u00abOpci\u00f3n\u00bb mientras seleccionamos \u00abEscalada\u00bb.<\/p>\n<p>2. Compatibilidad con monitores EIZO<\/p>\n<p>Bajo evaluaci\u00f3n<\/p>\n<p>3. Compatibilidad con software de EIZO<\/p>\n<p><strong>Actualizaci\u00f3n (16\/04\/2021)<\/strong><\/p>\n<p><strong>Disponible versi\u00f3n 7.1.3 de ColorNavigator, compatible con M1 (<a href=\"https:\/\/www.eizoglobal.com\/support\/db\/products\/download\/855\">link<\/a>)<\/strong><br \/>\n<del>ColorNavigator y otros programas de EIZO todav\u00eda no son compatibles con los modelos que cuentan con el procesador M1 de Apple funcionando bajo macOS Big Sur (11). Para consultar las informaciones m\u00e1s recientes al respecto por favor dir\u00edjase a <a href=\"https:\/\/www.eizoglobal.com\/support\/compatibility\/software\/mac\/macos-big-sur\/\"><strong>macOS Big Sur (11) and EIZO Software Compatibility.<\/strong><\/a><\/del><\/p>\n<p><del>En este \u00faltimo enlace podemos ver como la previsi\u00f3n que tienen en cuanto a la publicaci\u00f3n de la versi\u00f3n de ColorNavigator compatible con Apple M1 es para<strong> finales de Marzo (Planned for support by end of March, 2021.)<\/strong><\/del><\/p>\n<p><del><strong>Fuente:\u00a0<a href=\"https:\/\/www.eizoglobal.com\/support\/compatibility\/pc\/mac\/apple-m1\/index.html\">https:\/\/www.eizoglobal.com\/support\/compatibility\/pc\/mac\/apple-m1\/index.html<\/a><\/strong><\/del><\/p>\n<p><strong>BenQ:<\/strong><\/p>\n<p><strong>Actualizaci\u00f3n (19\/04\/2021)<\/strong><\/p>\n<p><strong>BenQ ha publicado la versi\u00f3n V1.3.15 de Palette Master Element, compatible con Apple M1. Lo podemos encontrar por ejemplo en la p\u00e1gina de descargas del SW271C:<\/strong><\/p>\n<p><a href=\"https:\/\/www.benq.eu\/es-es\/support\/downloads-faq\/products\/monitor\/sw271c\/software-driver.html\">https:\/\/www.benq.eu\/es-es\/support\/downloads-faq\/products\/monitor\/sw271c\/software-driver.html<\/a><\/p>\n<p><del>Por el momento en BenQ no se ofrece mucha informaci\u00f3n, m\u00e1s all\u00e1 de indicar que el software Palette Master Element Actualmente no es compatible con la plataforma Apple M1<\/del><\/p>\n<p><del><strong>Fuente:\u00a0<a href=\"https:\/\/www.benq.eu\/es-es\/monitor\/photographer\/palette-master-element\/specifications.html\">https:\/\/www.benq.eu\/es-es\/monitor\/photographer\/palette-master-element\/specifications.html<\/a><\/strong><\/del><\/p>\n<p><strong>NEC:<\/strong><\/p>\n<p>Informaci\u00f3n de compatibilidad con Mac OS<\/p>\n<p>Los nuevos MacBook y Mac mini basados en M1 todav\u00eda no son compatibles con SpectraView bajo macOS 11.1. El software no puede detectar ninguna pantalla NEC conectada. Apple est\u00e1 al corriente de este problema y se espera que sea resuelto en una futura actualizaci\u00f3n de macOS. Por favor, compruebe las actualizaciones de sistema seg\u00fan est\u00e9n disponibles. SpectraView s\u00ed es compatible con otros Macs no M1 bajo macOS 11.<\/p>\n<p>SpectraView V1.1.38 y superiores son una aplicaci\u00f3n de 64 bits y requiere Mac OS X versi\u00f3n 10.10 o superior. hay disponible una versi\u00f3n V1.1.38 heredada de 32 bits si se requiere soporte para Mac OS X 10.7-10.9. Requiere un sensor i1Display V2.<br \/>\nSpectraView V1.1.30 y superiores requieren Mac OS X versi\u00f3n 10.7 o superior.<br \/>\nSpectraView V1.1.12 y superiores requieren un Mac basado en Intel.<br \/>\nSpectraView V1.1.09 y superiores requieren Mac OS X versi\u00f3n 10.5 o superior.<br \/>\nSpectraView V1.1.00 y superiores requieren Mac OS X versi\u00f3n 10.3.9 o superior.<br \/>\nSpectraView V1.1.03 y superiores requieren Mac OS X versi\u00f3n 10.6 o superior.<\/p>\n<p>La instalaci\u00f3n del software SpectraView requiere una cuenta con privilegios de administrador.<\/p>\n<p><strong>Fuente:\u00a0<a href=\"https:\/\/www.sharpnecdisplays.us\/support-and-services\/spectraviewii\/4#softwarecompatibility\/\">https:\/\/www.sharpnecdisplays.us\/support-and-services\/spectraviewii\/4#softwarecompatibility\/<\/a><\/strong><\/p>\n<p>Finalmente en cuanto a Datacolor s\u00ed que seg\u00fan indican la versi\u00f3n m\u00e1s reciente de su software es compatible:<\/p>\n<p><strong>DATACOLOR:<\/strong><\/p>\n<p>Las aplicaciones SpyderX Elite\/Pro son ahora compatbiles con MacOS Big Sur. Son versiones solo Intel que se ejecutan de forma nativa en los sistemas Mac Intel, y tambi\u00e9n bajo emulaci\u00f3n Rosetta 2 en los nuevos sistemas Mac M1.<\/p>\n<p>NOTA: En los nuevos sistemas M1 Big Sur actualmente identifica los nombres de pantalla como \u00abUNKNOWN\u00bb (desconocido) &#8211; esto no afecta al funcionamiento el software SpyderXElite\/Pro o a la calibraci\u00f3n de la pantalla. Puede editar\/cambiar el nombre de la pantalla para ser el que usted desee (como por ejemplo \u00abLCD Color\u00bb), y en adelante el software SpyderXElite\/Pro recordar\u00e1 el nombre aplicado.<\/p>\n<p><strong>Fuente:\u00a0<a href=\"https:\/\/support.datacolor.com\/index.php?\/Knowledgebase\/Article\/View\/1836\/159\/spyderx-elite-57-macos\">https:\/\/support.datacolor.com\/index.php?\/Knowledgebase\/Article\/View\/1836\/159\/spyderx-elite-57-macos<\/a><\/strong><\/p>\n<p>As\u00ed pues en estos momentos nos encontramos en un impasse a la espera de las actualizaciones que puedan irse publicando, seg\u00fan vayamos teniendo constancia de estas actualizaciones iremos actualizando datos.<\/p>\n","protected":false},"excerpt":{"rendered":"<p>Con el lanzamiento de\u00a0 los nuevos equipos de Apple con el chip M1 han surgido problemas de compatibilidad con los distintos programas de calibraci\u00f3n m\u00e1s habituales, y si bien los distintos fabricantes est\u00e1n trabajando con sus desarrolladores para lanzar versiones actualizadas de los distintos programas que solucionen estos problemas de compatibilidad, por el momento la [&hellip;]<\/p>\n","protected":false},"author":1,"featured_media":0,"comment_status":"open","ping_status":"open","sticky":false,"template":"","format":"standard","meta":{"om_disable_all_campaigns":false,"site-container-style":"default","site-container-layout":"default","site-sidebar-layout":"default","disable-article-header":"default","disable-site-header":"default","disable-site-footer":"default","disable-content-area-spacing":"default","footnotes":""},"categories":[1],"tags":[],"class_list":["post-15460","post","type-post","status-publish","format-standard","hentry","category-general"],"aioseo_notices":[],"_links":{"self":[{"href":"https:\/\/www.monitor-para-fotografia.com\/index.php\/wp-json\/wp\/v2\/posts\/15460","targetHints":{"allow":["GET"]}}],"collection":[{"href":"https:\/\/www.monitor-para-fotografia.com\/index.php\/wp-json\/wp\/v2\/posts"}],"about":[{"href":"https:\/\/www.monitor-para-fotografia.com\/index.php\/wp-json\/wp\/v2\/types\/post"}],"author":[{"embeddable":true,"href":"https:\/\/www.monitor-para-fotografia.com\/index.php\/wp-json\/wp\/v2\/users\/1"}],"replies":[{"embeddable":true,"href":"https:\/\/www.monitor-para-fotografia.com\/index.php\/wp-json\/wp\/v2\/comments?post=15460"}],"version-history":[{"count":0,"href":"https:\/\/www.monitor-para-fotografia.com\/index.php\/wp-json\/wp\/v2\/posts\/15460\/revisions"}],"wp:attachment":[{"href":"https:\/\/www.monitor-para-fotografia.com\/index.php\/wp-json\/wp\/v2\/media?parent=15460"}],"wp:term":[{"taxonomy":"category","embeddable":true,"href":"https:\/\/www.monitor-para-fotografia.com\/index.php\/wp-json\/wp\/v2\/categories?post=15460"},{"taxonomy":"post_tag","embeddable":true,"href":"https:\/\/www.monitor-para-fotografia.com\/index.php\/wp-json\/wp\/v2\/tags?post=15460"}],"curies":[{"name":"wp","href":"https:\/\/api.w.org\/{rel}","templated":true}]}}