{"id":16,"date":"2008-04-04T15:00:08","date_gmt":"2008-04-04T13:00:08","guid":{"rendered":"http:\/\/www.microgamma.es\/blog\/?p=16"},"modified":"2016-04-18T18:53:34","modified_gmt":"2016-04-18T16:53:34","slug":"multisync-lcd3090wqxi","status":"publish","type":"post","link":"https:\/\/www.monitor-para-fotografia.com\/index.php\/2008\/04\/multisync-lcd3090wqxi\/","title":{"rendered":"MultiSync NEC 3090WQXi"},"content":{"rendered":"<p><a href=\"http:\/\/www.microgamma.com\/microgamma_monitores\/3090WQXi.php\"><img loading=\"lazy\" decoding=\"async\" class=\"alignnone\" src=\"http:\/\/www.microgamma.com\/nec\/3090\/3090WQXi-Frontal.jpg\" width=\"600\" height=\"450\" \/><\/a><\/p>\n<p style=\"margin-bottom: 0cm;\">Detalles oficiales del nuevo monitor destinado a dise\u00f1adores gr\u00e1ficos, dibujantes de cad, dise\u00f1adores web y preimpresi\u00f3n. En breve aparcer\u00e1 la versi\u00f3n destinada a fot\u00f3grafos, el Spectraview 3090.<\/p>\n<p style=\"margin-bottom: 0cm; text-align: right;\"><a href=\"http:\/\/www.microgamma.com\/microgamma_monitores\/3090WQXi.php\">Continuar leyendo&gt;&gt;<\/a><\/p>\n","protected":false},"excerpt":{"rendered":"<p>Detalles oficiales del nuevo monitor destinado a dise\u00f1adores gr\u00e1ficos, dibujantes de cad, dise\u00f1adores web y preimpresi\u00f3n. En breve aparcer\u00e1 la versi\u00f3n destinada a fot\u00f3grafos, el Spectraview 3090. Continuar leyendo&gt;&gt;<\/p>\n","protected":false},"author":1,"featured_media":0,"comment_status":"open","ping_status":"open","sticky":false,"template":"","format":"standard","meta":{"om_disable_all_campaigns":false,"site-container-style":"default","site-container-layout":"default","site-sidebar-layout":"default","disable-article-header":"default","disable-site-header":"default","disable-site-footer":"default","disable-content-area-spacing":"default","footnotes":""},"categories":[15],"tags":[28,23,16],"class_list":["post-16","post","type-post","status-publish","format-standard","hentry","category-nec","tag-3090wqxi","tag-monitor-nec","tag-spectraview"],"aioseo_notices":[],"_links":{"self":[{"href":"https:\/\/www.monitor-para-fotografia.com\/index.php\/wp-json\/wp\/v2\/posts\/16","targetHints":{"allow":["GET"]}}],"collection":[{"href":"https:\/\/www.monitor-para-fotografia.com\/index.php\/wp-json\/wp\/v2\/posts"}],"about":[{"href":"https:\/\/www.monitor-para-fotografia.com\/index.php\/wp-json\/wp\/v2\/types\/post"}],"author":[{"embeddable":true,"href":"https:\/\/www.monitor-para-fotografia.com\/index.php\/wp-json\/wp\/v2\/users\/1"}],"replies":[{"embeddable":true,"href":"https:\/\/www.monitor-para-fotografia.com\/index.php\/wp-json\/wp\/v2\/comments?post=16"}],"version-history":[{"count":0,"href":"https:\/\/www.monitor-para-fotografia.com\/index.php\/wp-json\/wp\/v2\/posts\/16\/revisions"}],"wp:attachment":[{"href":"https:\/\/www.monitor-para-fotografia.com\/index.php\/wp-json\/wp\/v2\/media?parent=16"}],"wp:term":[{"taxonomy":"category","embeddable":true,"href":"https:\/\/www.monitor-para-fotografia.com\/index.php\/wp-json\/wp\/v2\/categories?post=16"},{"taxonomy":"post_tag","embeddable":true,"href":"https:\/\/www.monitor-para-fotografia.com\/index.php\/wp-json\/wp\/v2\/tags?post=16"}],"curies":[{"name":"wp","href":"https:\/\/api.w.org\/{rel}","templated":true}]}}