{"id":613,"date":"2009-07-02T12:01:38","date_gmt":"2009-07-02T11:01:38","guid":{"rendered":"http:\/\/www.microgamma.es\/blog\/?p=613"},"modified":"2009-07-02T12:01:38","modified_gmt":"2009-07-02T11:01:38","slug":"la-captura-digital-y-el-formato-raw","status":"publish","type":"post","link":"https:\/\/www.monitor-para-fotografia.com\/index.php\/2009\/07\/la-captura-digital-y-el-formato-raw\/","title":{"rendered":"La captura digital y el formato RAW"},"content":{"rendered":"<p><img loading=\"lazy\" decoding=\"async\" class=\"alignnone size-full wp-image-614\" title=\"entradilla_curso-raw\" src=\"http:\/\/www.microgamma.es\/blog\/wp-content\/uploads\/entradilla_curso-raw.jpg\" alt=\"entradilla_curso-raw\" width=\"220\" height=\"147\" \/><\/p>\n<p><span class=\"984073118-24052007\"><span style=\"font-family: Verdana; font-size: x-small;\"><span class=\"984073118-24052007\"><\/p>\n<p class=\"articulo\"><span style=\"font-size: x-small;\">Ser\u00e1 un curso teorico-pr\u00e1ctico en el que se        explicar\u00e1n las t\u00e9cnicas m\u00e1s importantes relacionadas con la obtenci\u00f3n de        una captura de buena calidad en formato RAW, del revelado del mismo.        Tambi\u00e9n se explicarar\u00e1n los criterios \u00f3ptimos para una correcta        catalogaci\u00f3n del archivo fotogr\u00e1fico y para hacer copias de seguridad.        Tienes <\/span><a href=\"http:\/\/www.tucanelcel.com\/blog_digital\/cont_blog_digital.html\" target=\"_blank\"><span style=\"font-size: x-small;\">todos los detalles del curso        aqu\u00ed<\/span><\/a><span style=\"font-size: x-small;\">.<\/span><\/p>\n<p class=\"articulo\"><span style=\"font-size: x-small;\"><\/p>\n<table border=\"0\">\n<tbody>\n<tr class=\"articulo\">\n<td><strong><span style=\"font-size: x-small;\">Fecha:<\/span><\/strong><\/td>\n<td><span style=\"font-size: x-small;\">dias 18 y 19 de julio.<\/span><\/td>\n<\/tr>\n<tr class=\"articulo\">\n<td><strong><span style=\"font-size: x-small;\">Lugar:<\/span><\/strong><\/td>\n<td><span style=\"font-size: x-small;\">Escuela <\/span><a href=\"http:\/\/www.tucanelcel.com\/\" target=\"_blank\"><span style=\"font-size: x-small;\">Tucan el Cel<\/span><\/a><span style=\"font-size: x-small;\">, en              Matar\u00f3. <\/span><a href=\"http:\/\/maps.google.com\/maps?f=q&amp;hl=ese%22ocode=&amp;q=tres%2Btombs%2B11%2Bmataro&amp;sll=41.387917,2.169919&amp;sspn=0.012171,0.014248&amp;ie=UTF8&amp;t=h&amp;z=16&amp;iwloc=addr\" target=\"_blank\"><span style=\"font-size: x-small;\">Ver situaci\u00f3n<\/span><\/a><span style=\"font-size: x-small;\">.              (desde Barcelona, el bus C2 te deja al lado en 40&#8242;)<\/span><\/td>\n<\/tr>\n<tr class=\"articulo\">\n<td><strong><span style=\"font-size: x-small;\">Duraci\u00f3n: <\/span><\/strong><\/td>\n<td><span style=\"font-size: x-small;\">16 horas.<\/span><\/td>\n<\/tr>\n<tr class=\"articulo\">\n<td><strong><span style=\"font-size: x-small;\">Horario:<\/span><\/strong><\/td>\n<td><span style=\"font-size: x-small;\">de 10 a 2 y de 4 a 8.<\/span><\/td>\n<\/tr>\n<tr class=\"articulo\">\n<td><strong><span style=\"font-size: x-small;\">Precio:<\/span><\/strong><\/td>\n<td><span style=\"font-size: x-small;\">280 euros<\/span><\/td>\n<\/tr>\n<tr class=\"articulo\">\n<td><strong><span style=\"font-size: x-small;\">Inscripciones: <\/span><\/strong><\/td>\n<td><span style=\"font-size: x-small;\">hasta el dia anterior<\/span><\/td>\n<\/tr>\n<tr class=\"articulo\">\n<td><strong><span style=\"font-size: x-small;\">m\u00e1s informaci\u00f3n:<\/span><\/strong><\/td>\n<td><span style=\"font-size: x-small;\">en <\/span><a href=\"http:\/\/fotodigitaltucan.wordpress.com\/2009\/06\/06\/intensivo-raw\/\" target=\"_blank\"><span style=\"font-size: x-small;\">esta p\u00e1gina<\/span><\/a><span style=\"font-size: x-small;\">, por              correo en <\/span><a href=\"mailto:info@tucanelcel.com\"><span style=\"font-size: x-small;\">info@tucanelcel.com<\/span><\/a><span style=\"font-size: x-small;\"> o por telefono en              el 93-7574072<\/span><\/td>\n<\/tr>\n<\/tbody>\n<\/table>\n<p><\/span><\/p>\n<p class=\"articulo\"><span style=\"font-size: x-small;\">No lo dejes para el \u00faltimo momento,        porque&#8230; \u00a1las plazas son bastante limitadas! (s\u00f3lo 12).<\/span><\/p>\n<p class=\"articulo\"><span style=\"font-family: Verdana; font-size: x-small;\"><a href=\"http:\/\/www.hugorodriguez.com\/\">www.hugorodriguez.com<\/a><\/span><\/p>\n<p><\/span><\/span><\/span><\/p>\n","protected":false},"excerpt":{"rendered":"<p>Ser\u00e1 un curso teorico-pr\u00e1ctico en el que se explicar\u00e1n las t\u00e9cnicas m\u00e1s importantes relacionadas con la obtenci\u00f3n de una captura de buena calidad en formato RAW, del revelado del mismo. Tambi\u00e9n se explicarar\u00e1n los criterios \u00f3ptimos para una correcta catalogaci\u00f3n del archivo fotogr\u00e1fico y para hacer copias de seguridad. Tienes todos los detalles del curso [&hellip;]<\/p>\n","protected":false},"author":32,"featured_media":0,"comment_status":"open","ping_status":"open","sticky":false,"template":"","format":"standard","meta":{"om_disable_all_campaigns":false,"site-container-style":"default","site-container-layout":"default","site-sidebar-layout":"default","disable-article-header":"default","disable-site-header":"default","disable-site-footer":"default","disable-content-area-spacing":"default","footnotes":""},"categories":[1],"tags":[],"class_list":["post-613","post","type-post","status-publish","format-standard","hentry","category-general"],"aioseo_notices":[],"_links":{"self":[{"href":"https:\/\/www.monitor-para-fotografia.com\/index.php\/wp-json\/wp\/v2\/posts\/613","targetHints":{"allow":["GET"]}}],"collection":[{"href":"https:\/\/www.monitor-para-fotografia.com\/index.php\/wp-json\/wp\/v2\/posts"}],"about":[{"href":"https:\/\/www.monitor-para-fotografia.com\/index.php\/wp-json\/wp\/v2\/types\/post"}],"author":[{"embeddable":true,"href":"https:\/\/www.monitor-para-fotografia.com\/index.php\/wp-json\/wp\/v2\/users\/32"}],"replies":[{"embeddable":true,"href":"https:\/\/www.monitor-para-fotografia.com\/index.php\/wp-json\/wp\/v2\/comments?post=613"}],"version-history":[{"count":0,"href":"https:\/\/www.monitor-para-fotografia.com\/index.php\/wp-json\/wp\/v2\/posts\/613\/revisions"}],"wp:attachment":[{"href":"https:\/\/www.monitor-para-fotografia.com\/index.php\/wp-json\/wp\/v2\/media?parent=613"}],"wp:term":[{"taxonomy":"category","embeddable":true,"href":"https:\/\/www.monitor-para-fotografia.com\/index.php\/wp-json\/wp\/v2\/categories?post=613"},{"taxonomy":"post_tag","embeddable":true,"href":"https:\/\/www.monitor-para-fotografia.com\/index.php\/wp-json\/wp\/v2\/tags?post=613"}],"curies":[{"name":"wp","href":"https:\/\/api.w.org\/{rel}","templated":true}]}}