{"id":6158,"date":"2006-01-31T12:00:58","date_gmt":"2006-01-31T10:00:58","guid":{"rendered":"http:\/\/www.microgamma.es\/blog\/?p=6158"},"modified":"2015-02-22T19:12:34","modified_gmt":"2015-02-22T17:12:34","slug":"x-rite-y-gretagmacbeth","status":"publish","type":"post","link":"https:\/\/www.monitor-para-fotografia.com\/index.php\/2006\/01\/x-rite-y-gretagmacbeth\/","title":{"rendered":"X-Rite y GretagMacbeth"},"content":{"rendered":"<p>X-Rite y GretagMacbeth, empresas l\u00edderes en la gesti\u00f3n del color, se unen para redefinir la industria del color.<\/p>\n<p>El 31 de enero de 2006, X-Rite y GretagMacbeth anunciaron la firma de un acuerdo definitivo por el cual Gretagmacbeth ser\u00e1 adquirida por X-Rite. Las empresas unen sus fuerzas para dar nacimiento a un l\u00edder de mercado e impulsar la expansi\u00f3n de la industria del color, beneficiando con ello al mismo tiempo a empleados, clientes y accionistas.<\/p>\n","protected":false},"excerpt":{"rendered":"<p>X-Rite y GretagMacbeth, empresas l\u00edderes en la gesti\u00f3n del color, se unen para redefinir la industria del color. El 31 de enero de 2006, X-Rite y GretagMacbeth anunciaron la firma de un acuerdo definitivo por el cual Gretagmacbeth ser\u00e1 adquirida por X-Rite. Las empresas unen sus fuerzas para dar nacimiento a un l\u00edder de mercado [&hellip;]<\/p>\n","protected":false},"author":32,"featured_media":0,"comment_status":"open","ping_status":"open","sticky":false,"template":"","format":"standard","meta":{"om_disable_all_campaigns":false,"site-container-style":"default","site-container-layout":"default","site-sidebar-layout":"default","disable-article-header":"default","disable-site-header":"default","disable-site-footer":"default","disable-content-area-spacing":"default","footnotes":""},"categories":[8,10],"tags":[],"class_list":["post-6158","post","type-post","status-publish","format-standard","hentry","category-calibradores-para-monitor","category-xrite"],"aioseo_notices":[],"_links":{"self":[{"href":"https:\/\/www.monitor-para-fotografia.com\/index.php\/wp-json\/wp\/v2\/posts\/6158","targetHints":{"allow":["GET"]}}],"collection":[{"href":"https:\/\/www.monitor-para-fotografia.com\/index.php\/wp-json\/wp\/v2\/posts"}],"about":[{"href":"https:\/\/www.monitor-para-fotografia.com\/index.php\/wp-json\/wp\/v2\/types\/post"}],"author":[{"embeddable":true,"href":"https:\/\/www.monitor-para-fotografia.com\/index.php\/wp-json\/wp\/v2\/users\/32"}],"replies":[{"embeddable":true,"href":"https:\/\/www.monitor-para-fotografia.com\/index.php\/wp-json\/wp\/v2\/comments?post=6158"}],"version-history":[{"count":0,"href":"https:\/\/www.monitor-para-fotografia.com\/index.php\/wp-json\/wp\/v2\/posts\/6158\/revisions"}],"wp:attachment":[{"href":"https:\/\/www.monitor-para-fotografia.com\/index.php\/wp-json\/wp\/v2\/media?parent=6158"}],"wp:term":[{"taxonomy":"category","embeddable":true,"href":"https:\/\/www.monitor-para-fotografia.com\/index.php\/wp-json\/wp\/v2\/categories?post=6158"},{"taxonomy":"post_tag","embeddable":true,"href":"https:\/\/www.monitor-para-fotografia.com\/index.php\/wp-json\/wp\/v2\/tags?post=6158"}],"curies":[{"name":"wp","href":"https:\/\/api.w.org\/{rel}","templated":true}]}}