{"id":6764,"date":"2015-08-31T13:10:00","date_gmt":"2015-08-31T11:10:00","guid":{"rendered":"http:\/\/www.microgamma.es\/blog\/?p=6764"},"modified":"2020-10-07T16:30:16","modified_gmt":"2020-10-07T14:30:16","slug":"cables-accell","status":"publish","type":"post","link":"https:\/\/www.monitor-para-fotografia.com\/index.php\/2015\/08\/cables-accell\/","title":{"rendered":"Cables Accell preparados para 4K"},"content":{"rendered":"<p>Incorporamos los cables de la casa Accell (Bizlink) para transmisi\u00f3n de se\u00f1al en monitores. Estos cables cumplen estrictamente las certificaciones y est\u00e1n especialmente dise\u00f1ados para transmitir la se\u00f1al sin interferencias. Son los cables recomendados para utilizar con los monitores de Nec y de Eizo.<\/p>\n<p>La\u00a0falta de cumplimiento de los est\u00e1ndares en los cables es el responsable de muchas de las incidencias que aparecen en los monitores, problemas de resoluci\u00f3n, calibraci\u00f3n o deficiencias en la profundidad del color.<\/p>\n<p>Los monitores destinados a edici\u00f3n de color no pueden superar los dos metros de longitud porque podr\u00edan interferir en la transmisi\u00f3n de datos durante la calibraci\u00f3n, en el caso de Accell los cables pueden tener hasta 3 metros en el caso de los DisplayPort y hasta 5 metros en los HDMI.<\/p>\n<p><strong>Cables Display Port 1.2<\/strong><\/p>\n<p>Hasta 3 metros de longitud<\/p>\n<p>preparados para 4 K (3840&#215;2160 y 3D)<\/p>\n<p>Transmisi\u00f3n de se\u00f1al hasta 12 bit por canal<\/p>\n<p>Ancho total de 21,6 Gbps<\/p>\n<p><img loading=\"lazy\" decoding=\"async\" class=\"alignnone\" src=\"http:\/\/www.microgamma.com\/accell\/imatges\/B142C-003B.jpg\" alt=\"cables accell\" width=\"428\" height=\"311\" \/><\/p>\n<p><strong>Cables HDMI<\/strong><\/p>\n<p>Hasta 5 metros de longitud<\/p>\n<p>Soportan se\u00f1al de 10 bit<\/p>\n<p><img loading=\"lazy\" decoding=\"async\" class=\"alignnone\" src=\"http:\/\/www.microgamma.com\/accell\/imatges\/B041C-003B.jpg\" alt=\"cables accell\" width=\"520\" height=\"350\" \/><\/p>\n","protected":false},"excerpt":{"rendered":"<p>Incorporamos los cables de la casa Accell (Bizlink) para transmisi\u00f3n de se\u00f1al en monitores. Estos cables cumplen estrictamente las certificaciones y est\u00e1n especialmente dise\u00f1ados para transmitir la se\u00f1al sin interferencias. Son los cables recomendados para utilizar con los monitores de Nec y de Eizo. La\u00a0falta de cumplimiento de los est\u00e1ndares en los cables es el [&hellip;]<\/p>\n","protected":false},"author":32,"featured_media":0,"comment_status":"open","ping_status":"open","sticky":false,"template":"","format":"standard","meta":{"om_disable_all_campaigns":false,"site-container-style":"default","site-container-layout":"default","site-sidebar-layout":"default","disable-article-header":"default","disable-site-header":"default","disable-site-footer":"default","disable-content-area-spacing":"default","footnotes":""},"categories":[1],"tags":[],"class_list":["post-6764","post","type-post","status-publish","format-standard","hentry","category-general"],"aioseo_notices":[],"_links":{"self":[{"href":"https:\/\/www.monitor-para-fotografia.com\/index.php\/wp-json\/wp\/v2\/posts\/6764","targetHints":{"allow":["GET"]}}],"collection":[{"href":"https:\/\/www.monitor-para-fotografia.com\/index.php\/wp-json\/wp\/v2\/posts"}],"about":[{"href":"https:\/\/www.monitor-para-fotografia.com\/index.php\/wp-json\/wp\/v2\/types\/post"}],"author":[{"embeddable":true,"href":"https:\/\/www.monitor-para-fotografia.com\/index.php\/wp-json\/wp\/v2\/users\/32"}],"replies":[{"embeddable":true,"href":"https:\/\/www.monitor-para-fotografia.com\/index.php\/wp-json\/wp\/v2\/comments?post=6764"}],"version-history":[{"count":0,"href":"https:\/\/www.monitor-para-fotografia.com\/index.php\/wp-json\/wp\/v2\/posts\/6764\/revisions"}],"wp:attachment":[{"href":"https:\/\/www.monitor-para-fotografia.com\/index.php\/wp-json\/wp\/v2\/media?parent=6764"}],"wp:term":[{"taxonomy":"category","embeddable":true,"href":"https:\/\/www.monitor-para-fotografia.com\/index.php\/wp-json\/wp\/v2\/categories?post=6764"},{"taxonomy":"post_tag","embeddable":true,"href":"https:\/\/www.monitor-para-fotografia.com\/index.php\/wp-json\/wp\/v2\/tags?post=6764"}],"curies":[{"name":"wp","href":"https:\/\/api.w.org\/{rel}","templated":true}]}}