{"id":6895,"date":"2015-10-15T22:04:29","date_gmt":"2015-10-15T20:04:29","guid":{"rendered":"http:\/\/www.microgamma.es\/blog\/?p=6895"},"modified":"2017-09-15T18:49:44","modified_gmt":"2017-09-15T16:49:44","slug":"eizo-es-el-primer-fabricante-de-monitores-en-obtener-la-certificacion-de-tuv-rheinland-en-precision-de-color","status":"publish","type":"post","link":"https:\/\/www.monitor-para-fotografia.com\/index.php\/2015\/10\/eizo-es-el-primer-fabricante-de-monitores-en-obtener-la-certificacion-de-tuv-rheinland-en-precision-de-color\/","title":{"rendered":"EIZO es el primer fabricante de monitores en obtener la certificaci\u00f3n de T\u00dcV Rheinland en Precisi\u00f3n de Color"},"content":{"rendered":"<p><img loading=\"lazy\" decoding=\"async\" class=\"alignnone\" src=\"http:\/\/www.microgamma.com\/eizo\/i\/EIZOColorEdge_TUV_awarding_ceremony.jpg\" alt=\"eizo\" width=\"300\" height=\"200\" \/><\/p>\n<p>EIZO Corporation anunci\u00f3 hoy 15 de octubre de 2015 que es el primer fabricante de monitores en obtener la certificaci\u00f3n de color Precisi\u00f3n de T\u00dcV Rheinland en cuatro de los monitores de la serie ColorEdge.<\/p>\n<p>T\u00dcV Rheinland color Precisi\u00f3n es el mas estricto metodo para medir la calidad y el rendimiento en color de los dispositivos de visualizaci\u00f3n para m\u00faltiples campos de gr\u00e1ficos , como la fotograf\u00eda, la post-producci\u00f3n, dise\u00f1o e impresi\u00f3n. Este nuevo criterio ayudar\u00e1 a los creativos profesionales en discernir que supervisa satisfacer un conjunto establecido de requisitos para la presentaci\u00f3n de la imagen<\/p>\n<p><img loading=\"lazy\" decoding=\"async\" class=\"alignnone\" src=\"http:\/\/www.microgamma.com\/eizo\/i\/tuv_press.jpg\" alt=\"eizo\" width=\"350\" height=\"289\" \/><\/p>\n<p>Los cuatro monitores que reciben esta certificaci\u00f3n son:<\/p>\n<p><a href=\"http:\/\/www.microgamma.com\/eizo\/eizo_coloredge_247.php\">Eizo CG247<\/a><\/p>\n<p><a href=\"https:\/\/www.microgamma.com\/coloredge\/eizo-coloredge-csg2730.php\">CG2730<\/a><\/p>\n<p><img loading=\"lazy\" decoding=\"async\" class=\"alignnone size-full\" src=\"https:\/\/www.microgamma.com\/coloredge\/cg2730\/CG2730_TUV.jpg\" width=\"180\" height=\"252\" \/><\/p>\n<p><a href=\"http:\/\/www.microgamma.com\/eizo\/eizo_coloredge_277.php\">Eizo CG277<\/a><\/p>\n<p><a href=\"http:\/\/www.microgamma.com\/coloredge\/eizo-coloredge-cg248-4k.php\">Eizo CG248-4K<\/a><\/p>\n<p><a href=\"http:\/\/www.microgamma.com\/coloredge\/eizo_coloredge_cg318.php\">Eizo CG318-4K<\/a><\/p>\n<p><a href=\"http:\/\/www.microgamma.com\/coloredge\/monitor-eizo-calibrador-integrado.php\"><img loading=\"lazy\" decoding=\"async\" class=\"alignnone\" src=\"http:\/\/www.microgamma.com\/coloredge\/cg277\/calibrador-integrado.jpg\" alt=\"monitor con calibrador\" width=\"180\" height=\"198\" \/><\/a><\/p>\n<p><a href=\"http:\/\/www.eizoglobal.com\/press\/releases\/htmls\/tuv_color_accuracy.html\" target=\"_blank\" rel=\"noopener\">Mas informaci\u00f3n<\/a><\/p>\n","protected":false},"excerpt":{"rendered":"<p>EIZO Corporation anunci\u00f3 hoy 15 de octubre de 2015 que es el primer fabricante de monitores en obtener la certificaci\u00f3n de color Precisi\u00f3n de T\u00dcV Rheinland en cuatro de los monitores de la serie ColorEdge. T\u00dcV Rheinland color Precisi\u00f3n es el mas estricto metodo para medir la calidad y el rendimiento en color de los [&hellip;]<\/p>\n","protected":false},"author":32,"featured_media":0,"comment_status":"open","ping_status":"open","sticky":false,"template":"","format":"standard","meta":{"om_disable_all_campaigns":false,"site-container-style":"default","site-container-layout":"default","site-sidebar-layout":"default","disable-article-header":"default","disable-site-header":"default","disable-site-footer":"default","disable-content-area-spacing":"default","footnotes":""},"categories":[1],"tags":[2778,2777,2082,2550,2636,214,2776,105],"class_list":["post-6895","post","type-post","status-publish","format-standard","hentry","category-general","tag-cg247","tag-cg248","tag-cg277","tag-cg318","tag-eizo","tag-eizo-coloredge","tag-eizo-monitor-coloredge","tag-monitores-eizo"],"aioseo_notices":[],"_links":{"self":[{"href":"https:\/\/www.monitor-para-fotografia.com\/index.php\/wp-json\/wp\/v2\/posts\/6895","targetHints":{"allow":["GET"]}}],"collection":[{"href":"https:\/\/www.monitor-para-fotografia.com\/index.php\/wp-json\/wp\/v2\/posts"}],"about":[{"href":"https:\/\/www.monitor-para-fotografia.com\/index.php\/wp-json\/wp\/v2\/types\/post"}],"author":[{"embeddable":true,"href":"https:\/\/www.monitor-para-fotografia.com\/index.php\/wp-json\/wp\/v2\/users\/32"}],"replies":[{"embeddable":true,"href":"https:\/\/www.monitor-para-fotografia.com\/index.php\/wp-json\/wp\/v2\/comments?post=6895"}],"version-history":[{"count":0,"href":"https:\/\/www.monitor-para-fotografia.com\/index.php\/wp-json\/wp\/v2\/posts\/6895\/revisions"}],"wp:attachment":[{"href":"https:\/\/www.monitor-para-fotografia.com\/index.php\/wp-json\/wp\/v2\/media?parent=6895"}],"wp:term":[{"taxonomy":"category","embeddable":true,"href":"https:\/\/www.monitor-para-fotografia.com\/index.php\/wp-json\/wp\/v2\/categories?post=6895"},{"taxonomy":"post_tag","embeddable":true,"href":"https:\/\/www.monitor-para-fotografia.com\/index.php\/wp-json\/wp\/v2\/tags?post=6895"}],"curies":[{"name":"wp","href":"https:\/\/api.w.org\/{rel}","templated":true}]}}